[{"@context":"https:\/\/schema.org\/","@type":"Article","@id":"https:\/\/www.decuss.cz\/i-tehotenstvi-vam-to-muze-seknout\/#Article","mainEntityOfPage":"https:\/\/www.decuss.cz\/i-tehotenstvi-vam-to-muze-seknout\/","headline":"I t\u011bhotenstv\u00ed V\u00e1m to m\u016f\u017ee seknout","name":"I t\u011bhotenstv\u00ed V\u00e1m to m\u016f\u017ee seknout","description":"N\u011bjak si n\u011bkter\u00e9 \u017eeny mysl\u00ed, \u017ee v t\u011bhotenstv\u00ed nen\u00ed mo\u017en\u00e9 chodit oble\u010den\u00e9 vkusn\u011b. Ale opak je pravdou a my se na to pod\u00edv\u00e1me. Tak\u017ee vzh\u016fru do toho.\u00a0T\u011bhotenstv\u00ed pat\u0159\u00ed v obdob\u00ed \u017eeny mezi kr\u00e1sn\u00e9 obdob\u00ed. Roste v n\u00ed nov\u00fd \u017eivot a l\u00e1ska na cel\u00fd \u017eivot. Jedin\u00e9, co \u017eenu m\u016f\u017ee v t\u00e9 dob\u011b tr\u00e1pit je zvy\u0161uj\u00edc\u00ed se&hellip;","datePublished":"2021-09-11","dateModified":"2023-05-01","author":{"@type":"Person","@id":"https:\/\/www.decuss.cz\/author\/#Person","name":"","url":"https:\/\/www.decuss.cz\/author\/","identifier":1,"image":{"@type":"ImageObject","@id":"https:\/\/secure.gravatar.com\/avatar\/60cfa630c84b6c399b95e807e4bc5b6bfe4f26a47dceacbf179d7148760edc6a?s=96&d=mm&r=g","url":"https:\/\/secure.gravatar.com\/avatar\/60cfa630c84b6c399b95e807e4bc5b6bfe4f26a47dceacbf179d7148760edc6a?s=96&d=mm&r=g","height":96,"width":96}},"publisher":{"@type":"Organization","name":"decuss.cz","logo":{"@type":"ImageObject","@id":"\/logo.png","url":"\/logo.png","width":600,"height":60}},"image":{"@type":"ImageObject","@id":"https:\/\/www.decuss.cz\/wp-content\/uploads\/maternity-g7aaee62a8_1920.jpg","url":"https:\/\/www.decuss.cz\/wp-content\/uploads\/maternity-g7aaee62a8_1920.jpg","height":0,"width":0},"url":"https:\/\/www.decuss.cz\/i-tehotenstvi-vam-to-muze-seknout\/","about":["M\u00f3da"],"wordCount":443,"articleBody":"N\u011bjak si n\u011bkter\u00e9 \u017eeny mysl\u00ed, \u017ee v t\u011bhotenstv\u00ed nen\u00ed mo\u017en\u00e9 chodit oble\u010den\u00e9 vkusn\u011b. Ale opak je pravdou a my se na to pod\u00edv\u00e1me. Tak\u017ee vzh\u016fru do toho.\u00a0T\u011bhotenstv\u00ed pat\u0159\u00ed v obdob\u00ed \u017eeny mezi kr\u00e1sn\u00e9 obdob\u00ed. Roste v n\u00ed nov\u00fd \u017eivot a l\u00e1ska na cel\u00fd \u017eivot. Jedin\u00e9, co \u017eenu m\u016f\u017ee v t\u00e9 dob\u011b tr\u00e1pit je zvy\u0161uj\u00edc\u00ed se hmotnost a objem b\u0159icha a t\u00edm zmen\u0161uj\u00edc\u00ed se \u0161atn\u00edk. Ale kdy\u017e je \u017eena t\u011bhotn\u00e1 v\u016fbec to neznamen\u00e1, \u017ee by nemohla chodit p\u011bkn\u011b oble\u010den\u00e1. Je d\u016fle\u017eit\u00e9, aby se \u017eena v obdob\u00ed t\u011bhotenstv\u00ed c\u00edtila dob\u0159e. Nic by ji nem\u011blo stahovat, \u0161krtit a m\u011bla by se v oble\u010den\u00ed c\u00edtit dob\u0159e, proto\u017ee dal\u0161\u00edm probl\u00e9m v t\u011bhotenstv\u00ed mnoha \u017een jsou otoky. Dokud se vejdete do sv\u00e9ho oble\u010den\u00ed nen\u00ed t\u0159eba nijak rapidn\u011b \u0161atn\u00edk m\u011bnit. A\u017e za\u010dnete c\u00edtit, \u017ee V\u00e1m je oble\u010den\u00ed t\u011bsn\u00e9 m\u011bla byste za\u010d\u00edt uva\u017eovat nad t\u00edm co budete nosit. Je jasn\u00e9, \u017ee jin\u00e9 preference budete m\u00edt v l\u00e9t\u011b a jin\u00e9 v chladn\u00e9m obdob\u00ed. Existuje mnoho e-shop\u016f, kter\u00e9 nab\u00edzej\u00ed opravdu velmi luxusn\u00ed oble\u010den\u00ed pro t\u011bhotn\u00e9 \u017eeny. V l\u00e9t\u011b byste m\u011bla volit voln\u00e9 vzdu\u0161n\u00e9 oble\u010den\u00ed jako jsou oversize tri\u010dko, lehk\u00e9 \u0161aty. Oproti tomu v zim\u011b by to m\u011bli b\u00fdt kalhoty nejl\u00e9pe na \u0161irokou gumu a voln\u00e1 trika. Velmi obl\u00edben\u00e9 jsou i t\u011bhotensk\u00e9 zahradn\u00edky.\u00a0Ur\u010dit\u011b nen\u00ed pot\u0159eba ud\u011blat n\u00e1let na obchody, nebo\u0165 se moc nep\u0159edpokl\u00e1d\u00e1, \u017ee po porodu budete toto oble\u010den\u00ed znova nosit.Proto je dobr\u00e9 koupit p\u00e1r univerz\u00e1ln\u00edch kousk\u016f, kter\u00e9 budete mezi sebou st\u0159\u00eddat. Ur\u010dit\u011b si dejte i z\u00e1le\u017eet p\u0159i v\u00fdb\u011bru spodn\u00edho pr\u00e1dla. M\u011bla byste volit bavln\u011bn\u00e9 pr\u00e1dlo, kter\u00e9 op\u011bt nebude nikde nijak stahovat. Nedoporu\u010duje se v t\u011bhotenstv\u00ed nosit t\u011bhotensk\u00e9 podprsenky. V\u011b\u0159te, \u017ee t\u011bch si po porodu u\u017eijete dostate\u010dn\u011b.\u00a0A kde koupit t\u011bhotensk\u00e9 oble\u010den\u00ed?Ve v\u011bt\u0161\u00edch m\u011bstech najdete ur\u010dit\u011b kvalitn\u00ed kamenn\u00fd obchod, kde V\u00e1m prodava\u010dky r\u00e1da porad\u00ed a vy budete moci m\u00edt mo\u017enost si oble\u010den\u00ed vyzkou\u0161et a dom\u016f si odnesete pouze to co V\u00e1m padne. Druhou mo\u017enost\u00ed jsou e-shopy a je tady je\u0161t\u011b posledn\u00ed mo\u017enost, a to u\u0161it\u00ed oble\u010den\u00ed na zak\u00e1zku.                                                                                                                                                                                                                                                                                                                                                                                        3.8\/5 - (12 votes)        "},{"@context":"https:\/\/schema.org\/","@type":"BreadcrumbList","itemListElement":[{"@type":"ListItem","position":1,"name":"I t\u011bhotenstv\u00ed V\u00e1m to m\u016f\u017ee seknout","item":"https:\/\/www.decuss.cz\/i-tehotenstvi-vam-to-muze-seknout\/#breadcrumbitem"}]}]