[{"@context":"https:\/\/schema.org\/","@type":"Article","@id":"https:\/\/www.decuss.cz\/ochranu-dat-mas-jestli-ne-pokuta-te-nemine\/#Article","mainEntityOfPage":"https:\/\/www.decuss.cz\/ochranu-dat-mas-jestli-ne-pokuta-te-nemine\/","headline":"Ochranu dat m\u00e1\u0161, jestli ne pokuta t\u011b nemine","name":"Ochranu dat m\u00e1\u0161, jestli ne pokuta t\u011b nemine","description":"Kdy\u017e p\u0159i\u0161lo na\u0159\u00edzen\u00ed z Bruselu, \u017ee bude dal\u0161\u00ed nov\u00fd z\u00e1kon o ochran\u011b dat, tak si ka\u017ed\u00fd klepal na \u010delo. Pro\u010d zase dal\u0161\u00ed z\u00e1kony, p\u0159\u00edkazy a na\u0159\u00edzen\u00ed. Pro\u010d dal\u0161\u00ed kontroly, hrozby a kdo v\u00ed co je\u0161t\u011b. Samoz\u0159ejm\u011b v\u011bt\u0161ina drobn\u00fdch podnikatel\u016f ani po\u0159\u00e1dn\u011b netu\u0161ila co v\u016fbec GDPR bude znamenat. P\u0159ece jenom se sv\u00e9mu podnik\u00e1n\u00ed v\u011bnuj\u00ed tak moc,&hellip;","datePublished":"2019-04-06","dateModified":"2023-05-01","author":{"@type":"Person","@id":"https:\/\/www.decuss.cz\/author\/#Person","name":"","url":"https:\/\/www.decuss.cz\/author\/","identifier":1,"image":{"@type":"ImageObject","@id":"https:\/\/secure.gravatar.com\/avatar\/60cfa630c84b6c399b95e807e4bc5b6bfe4f26a47dceacbf179d7148760edc6a?s=96&d=mm&r=g","url":"https:\/\/secure.gravatar.com\/avatar\/60cfa630c84b6c399b95e807e4bc5b6bfe4f26a47dceacbf179d7148760edc6a?s=96&d=mm&r=g","height":96,"width":96}},"publisher":{"@type":"Organization","name":"decuss.cz","logo":{"@type":"ImageObject","@id":"\/logo.png","url":"\/logo.png","width":600,"height":60}},"image":{"@type":"ImageObject","@id":"https:\/\/www.decuss.cz\/wp-content\/uploads\/img_a345535_w1704_t1559202931.jpg","url":"https:\/\/www.decuss.cz\/wp-content\/uploads\/img_a345535_w1704_t1559202931.jpg","height":0,"width":0},"url":"https:\/\/www.decuss.cz\/ochranu-dat-mas-jestli-ne-pokuta-te-nemine\/","about":["Byznys"],"wordCount":514,"articleBody":"  Kdy\u017e p\u0159i\u0161lo na\u0159\u00edzen\u00ed z Bruselu, \u017ee bude dal\u0161\u00ed nov\u00fd z\u00e1kon o ochran\u011b dat, tak si ka\u017ed\u00fd klepal na \u010delo. Pro\u010d zase dal\u0161\u00ed z\u00e1kony, p\u0159\u00edkazy a na\u0159\u00edzen\u00ed. Pro\u010d dal\u0161\u00ed kontroly, hrozby a kdo v\u00ed co je\u0161t\u011b. Samoz\u0159ejm\u011b v\u011bt\u0161ina drobn\u00fdch podnikatel\u016f ani po\u0159\u00e1dn\u011b netu\u0161ila co v\u016fbec GDPR bude znamenat. P\u0159ece jenom se sv\u00e9mu podnik\u00e1n\u00ed v\u011bnuj\u00ed tak moc, \u017ee nest\u00edhaj\u00ed po\u0159\u00e1dn\u011b spravovat svoje vlastn\u00ed soukrom\u00ed, nato\u017e si ud\u011blat n\u011bjakou p\u011bknou dovolenou. S p\u0159\u00edchodem onoho o\u010dek\u00e1van\u00e9ho dnu, s\u00edlila i panika, nikdo po\u0159\u00e1dn\u011b nic nev\u011bd\u011bl a v podstat\u011b musel b\u00fdt opatrn\u00fd i na r\u016fzn\u00e9 nab\u00eddky t\u011bch, kte\u0159\u00ed cht\u011bli vyu\u017e\u00edt \u0161ance a p\u0159ivyd\u011blat si na nezn\u00e1mosti d\u016fv\u011b\u0159ivc\u016f. Na\u0161t\u011bst\u00ed nap\u011bt\u00ed ji\u017e d\u00e1vno polevilo a z\u00e1kon skute\u010dn\u011b za\u010dal platit a s n\u00edm nov\u00e9 povinnosti. Posl\u00e9ze se zjistilo, \u017ee vlastn\u011b v sou\u010dasn\u00e9 dob\u011b r\u016fzn\u00fdch technologi\u00ed, informac\u00ed a zpracov\u00e1n\u00ed dat je toto na\u0159\u00edzen\u00ed na m\u00edst\u011b.Jen z n\u011bkter\u00fdch p\u0159\u00edklad\u016f: Rozd\u011blan\u00e1 pr\u00e1ce v po\u010d\u00edta\u010di a p\u0159\u00edstup je mo\u017en\u00fd prakticky v\u0161ude, do v\u0161ech dat, v\u010detn\u011b citliv\u00fdch \u00fadaj\u016f firmy a zam\u011bstnanc\u016f. Jen mal\u00e1 chyba. Nen\u00ed tu zrovna onen pracovn\u00edk, ale p\u0159i\u0161el do kancel\u00e1\u0159e ciz\u00ed \u010dlov\u011bk, kter\u00fd tu m\u00e1 na doty\u010dnou osobu \u010dekat. Osobn\u00ed telefon, ve kter\u00e9m jsou citliv\u00e9 \u00fadaje nejen soukrom\u00e9ho r\u00e1zu, ale i firmy, pro kterou \u010dlov\u011bk pracuje. Data putuj\u00ed do rukou n\u011bkoho jin\u00e9ho, kter\u00fd si telefon jen zap\u016fj\u010dil. Person\u00e1ln\u00ed a mzdov\u00fd pracovn\u00edk, kter\u00fd nezajistil dostate\u010dnou ochranu p\u0159\u00edstupu, ale naopak nechal p\u0159\u00edstup v\u0161em zam\u011bstnanc\u016fm ve firm\u011b. V\u017edycky se najde n\u011bkdo, kdo se bude nudit a n\u011bco najde, a kdy\u017e n\u011bkdo pronikne do z\u00e1znam\u016f o odm\u011bn\u00e1ch, tak je to hodn\u011b podez\u0159el\u00e9. Bu\u010f zde n\u011bco nehraje a doty\u010dn\u00fd je skv\u011bl\u00fd kouzeln\u00edk, \u017ee zn\u00e1 v\u00fd\u0161e a jm\u00e9na odm\u011bn nebo je n\u011bkde n\u011bjak\u00fd v\u00e1\u017en\u011bj\u0161\u00ed probl\u00e9m, proto\u017ee jinak se to \u0159adov\u00fd zam\u011bstnanec nem\u016f\u017ee dozv\u011bd\u011bt. Nemluv\u011b o sd\u00edlen\u00fdch tabulk\u00e1ch, do kter\u00fdch se zapisuj\u00ed tak\u00e9 citliv\u00e9 v\u011bci a mnoh\u00e9 dal\u0161\u00ed. Mo\u017en\u00e1 je\u0161t\u011b ani po roce mnoz\u00ed nev\u011bd\u00ed, jak se zachovat, aby bylo v\u0161echno v po\u0159\u00e1dku. Na\u0161t\u011bst\u00ed se vyt\u0159\u00edbila na trhu nab\u00eddka a tak je nam\u00edst\u011b investovat do kvalitn\u00edho \u0161kolen\u00ed, nap\u0159\u00edklad  zajist\u00ed \u0161kolen\u00ed v\u0161ech, kte\u0159\u00ed to pot\u0159ebuj\u00ed a nejedn\u00e1 se jen o veden\u00ed firmy, ale i o zam\u011bstnance. Nav\u00edc ka\u017ed\u00fd, kdo toto \u0161kolen\u00ed absolvuje, z\u00edsk\u00e1 z\u00e1pis, kter\u00fdm pak dolo\u017e\u00ed spr\u00e1vci, jak\u00fdm zp\u016fsobem se pro\u0161kolil a je sezn\u00e1men s prac\u00ed a ochranou dat.                                                                                                                                                                                                                                                                                                                                                                                        4.1\/5 - (9 votes)        "},{"@context":"https:\/\/schema.org\/","@type":"BreadcrumbList","itemListElement":[{"@type":"ListItem","position":1,"name":"Ochranu dat m\u00e1\u0161, jestli ne pokuta t\u011b nemine","item":"https:\/\/www.decuss.cz\/ochranu-dat-mas-jestli-ne-pokuta-te-nemine\/#breadcrumbitem"}]}]