[{"@context":"https:\/\/schema.org\/","@type":"Article","@id":"https:\/\/www.decuss.cz\/s-diarem-k-uspechu\/#Article","mainEntityOfPage":"https:\/\/www.decuss.cz\/s-diarem-k-uspechu\/","headline":"S di\u00e1\u0159em k \u00fasp\u011bchu","name":"S di\u00e1\u0159em k \u00fasp\u011bchu","description":"\u010clov\u011bk nen\u00ed stroj, nem\u016f\u017ee m\u00edt v\u00a0hlav\u011b \u00fapln\u011b v\u0161echno. Pracovn\u00ed \u00fasp\u011bchy jsou postaveny na spr\u00e1vn\u00fdch informac\u00edch pou\u017eit\u00fdch ve spr\u00e1vn\u00fd \u010das. Spolehliv\u00fd pomocn\u00edk, par\u0165\u00e1k, kter\u00fd bude m\u00edt v\u0161echny va\u0161e pracovn\u00ed povinnosti p\u0159ehledn\u011b uspo\u0159\u00e1d\u00e1ny na jednom m\u00edst\u011b. T\u00edm je spr\u00e1vn\u011b pou\u017e\u00edvan\u00fd di\u00e1\u0159. Jak si napl\u00e1nujete pracovn\u00ed \u010das, nen\u00ed \u00fapln\u011b postaven na tom, jak\u00fd typ di\u00e1\u0159e vyberete. Pap\u00edrov\u00fd nebo&hellip;","datePublished":"2019-12-25","dateModified":"2023-05-01","author":{"@type":"Person","@id":"https:\/\/www.decuss.cz\/author\/#Person","name":"","url":"https:\/\/www.decuss.cz\/author\/","identifier":1,"image":{"@type":"ImageObject","@id":"https:\/\/secure.gravatar.com\/avatar\/60cfa630c84b6c399b95e807e4bc5b6bfe4f26a47dceacbf179d7148760edc6a?s=96&d=mm&r=g","url":"https:\/\/secure.gravatar.com\/avatar\/60cfa630c84b6c399b95e807e4bc5b6bfe4f26a47dceacbf179d7148760edc6a?s=96&d=mm&r=g","height":96,"width":96}},"publisher":{"@type":"Organization","name":"decuss.cz","logo":{"@type":"ImageObject","@id":"\/logo.png","url":"\/logo.png","width":600,"height":60}},"image":{"@type":"ImageObject","@id":"https:\/\/www.decuss.cz\/wp-content\/uploads\/img_a364290_w4398_t1577089807.jpg","url":"https:\/\/www.decuss.cz\/wp-content\/uploads\/img_a364290_w4398_t1577089807.jpg","height":0,"width":0},"url":"https:\/\/www.decuss.cz\/s-diarem-k-uspechu\/","about":["Byznys"],"wordCount":437,"articleBody":"\u010clov\u011bk nen\u00ed stroj, nem\u016f\u017ee m\u00edt v\u00a0hlav\u011b \u00fapln\u011b v\u0161echno. Pracovn\u00ed \u00fasp\u011bchy jsou postaveny na spr\u00e1vn\u00fdch informac\u00edch pou\u017eit\u00fdch ve spr\u00e1vn\u00fd \u010das. Spolehliv\u00fd pomocn\u00edk, par\u0165\u00e1k, kter\u00fd bude m\u00edt v\u0161echny va\u0161e pracovn\u00ed povinnosti p\u0159ehledn\u011b uspo\u0159\u00e1d\u00e1ny na jednom m\u00edst\u011b. T\u00edm je spr\u00e1vn\u011b pou\u017e\u00edvan\u00fd di\u00e1\u0159.Jak si napl\u00e1nujete pracovn\u00ed \u010das, nen\u00ed \u00fapln\u011b postaven na tom, jak\u00fd typ di\u00e1\u0159e vyberete. Pap\u00edrov\u00fd nebo elektronick\u00fd? Z\u00e1le\u017e\u00ed na va\u0161em stylu, jak sv\u00e9 z\u00e1le\u017eitosti chcete organizovat. Volba mezi aplikac\u00ed do telefonu, sd\u00edlen\u00fdm kalend\u00e1\u0159em Google, nebo tradi\u010dn\u00edm pap\u00edrov\u00fdm di\u00e1\u0159em je velmi individu\u00e1ln\u00ed z\u00e1le\u017eitost. Existuj\u00ed i pap\u00edrov\u00e9 variace, kter\u00e9 jsou ur\u010deny pr\u00e1v\u011b pro propojen\u00ed s\u00a0aplikac\u00ed.Spousta z\u00a0n\u00e1s ned\u00e1 na ten tradi\u010dn\u00ed di\u00e1\u0159 z pap\u00edru dopustit. Stylov\u00fd dopln\u011bk, kter\u00fd nepot\u0159ebuje nab\u00edje\u010dku. P\u0159i psan\u00ed pozn\u00e1mek a d\u016fle\u017eit\u00fdch pracovn\u00edch bod\u016f rukou v\u00a0n\u011bm zanech\u00e1v\u00e1me kus svoj\u00ed osobnosti.Klasick\u00e9 pojet\u00ed denn\u00ed, t\u00fddenn\u00ed nebo m\u011bs\u00ed\u010dn\u00ed je univerz\u00e1ln\u00ed a vhodn\u00e9 pro v\u0161echny. U\u017e jen z\u00e1le\u017e\u00ed, jak podrobn\u011b pl\u00e1nujete dny. D\u016fle\u017eit\u00e9 je tak\u00e9 to, zda jsou pl\u00e1ny ur\u010deny pouze pro v\u00e1s. Ve velk\u00e9 vyt\u00ed\u017eenosti se nejl\u00e9pe organizuje po dnech. Ide\u00e1ln\u00ed jsou voln\u00e9 strany, p\u0159ipojen\u00e9 k\u00a0dan\u00e9mu dni, pro sled n\u00e1pad\u016f a my\u0161lenek. Rozvr\u017een\u00ed po t\u00fddnu nebo m\u011bs\u00edci um\u00ed uk\u00e1zat ur\u010dit\u00e1 obdob\u00ed jako celek a m\u016f\u017ee pomoct v\u00a0ur\u010dit\u00fdch sm\u011brech v\u00a0rozhodov\u00e1n\u00ed.Rozvr\u017een\u00ed di\u00e1\u0159e nemus\u00ed b\u00fdt zalo\u017eeno jen na \u010dasov\u00fdch \u00fasec\u00edch. Dal\u0161\u00ed variantou je projektov\u00fd pohled. Prakticky v\u0161ichni se \u00fa\u010dastn\u00edme pravideln\u011b svou sou\u010dinnost\u00ed jak na pracovn\u00edch nebo i soukrom\u00fdch projektech. V\u00a0p\u0159\u00edpad\u011b, \u017ee m\u00e1te na starost rozvoj podniku, rozj\u00ed\u017ed\u00edte sv\u016fj nov\u00fd byznys nebo t\u0159eba stav\u00edte d\u016fm, projektov\u00fd notes um\u00ed dodat v\u00a0ka\u017ed\u00e9 situaci p\u0159ehled o term\u00ednech, kl\u00ed\u010dov\u00fdch lidech i \u00fakolech.Krou\u017ekov\u00e1 vazba se pohodln\u011b otev\u00edr\u00e1 a um\u00ed pojmout i dal\u0161\u00ed listy a dopl\u0148ky, pokud se krou\u017eky otev\u00edraj\u00ed. Je proto ide\u00e1ln\u00ed pro ty, kte\u0159\u00ed si pravideln\u011b vkl\u00e1daj\u00ed souvisej\u00edc\u00ed informace na pap\u00ed\u0159e, jsou tak v\u017edy po ruce a na jednom m\u00edst\u011b. Vazba s\u00a0pevnou strukturou ned\u00e1v\u00e1 prostor pro p\u0159id\u00e1v\u00e1n\u00ed, ale zase p\u016fsob\u00ed \u00fahledn\u011b a uklizen\u011b.                                                                                                                                                                                                                                                                                                                                                                                        3\/5 - (5 votes)        "},{"@context":"https:\/\/schema.org\/","@type":"BreadcrumbList","itemListElement":[{"@type":"ListItem","position":1,"name":"S di\u00e1\u0159em k \u00fasp\u011bchu","item":"https:\/\/www.decuss.cz\/s-diarem-k-uspechu\/#breadcrumbitem"}]}]