[{"@context":"https:\/\/schema.org\/","@type":"Article","@id":"https:\/\/www.decuss.cz\/urceni-barevneho-typu\/#Article","mainEntityOfPage":"https:\/\/www.decuss.cz\/urceni-barevneho-typu\/","headline":"Ur\u010den\u00ed barevn\u00e9ho typu","name":"Ur\u010den\u00ed barevn\u00e9ho typu","description":"Pro v\u00fdb\u011br barev oble\u010den\u00ed a dopl\u0148k\u016f, kter\u00e9 ovliv\u0148uj\u00ed jak vypad\u00e1te a jak v\u00e1m oble\u010den\u00ed slu\u0161\u00ed, je d\u016fle\u017eit\u00e9 ur\u010den\u00ed va\u0161eho barevn\u00e9ho typu. Za\u0159azen\u00ed do ur\u010dit\u00e9ho barevn\u00e9ho typu se prov\u00e1d\u00ed nejl\u00e9pe za denn\u00edho sv\u011btla, pomoc\u00ed speci\u00e1ln\u00edch testovac\u00edch karet. Ur\u010duj\u00edc\u00ed je barva va\u0161ich vlas\u016f a o\u010d\u00ed \u010di odst\u00edn pleti. Jde o nalezen\u00ed harmonie mezi va\u0161\u00ed vrozenou barevnost\u00ed a&hellip;","datePublished":"2020-09-14","dateModified":"2023-05-01","author":{"@type":"Person","@id":"https:\/\/www.decuss.cz\/author\/#Person","name":"","url":"https:\/\/www.decuss.cz\/author\/","identifier":1,"image":{"@type":"ImageObject","@id":"https:\/\/secure.gravatar.com\/avatar\/60cfa630c84b6c399b95e807e4bc5b6bfe4f26a47dceacbf179d7148760edc6a?s=96&d=mm&r=g","url":"https:\/\/secure.gravatar.com\/avatar\/60cfa630c84b6c399b95e807e4bc5b6bfe4f26a47dceacbf179d7148760edc6a?s=96&d=mm&r=g","height":96,"width":96}},"publisher":{"@type":"Organization","name":"decuss.cz","logo":{"@type":"ImageObject","@id":"\/logo.png","url":"\/logo.png","width":600,"height":60}},"image":{"@type":"ImageObject","@id":"https:\/\/www.decuss.cz\/wp-content\/uploads\/img_a302726_w2297_t1512645418.jpg","url":"https:\/\/www.decuss.cz\/wp-content\/uploads\/img_a302726_w2297_t1512645418.jpg","height":0,"width":0},"url":"https:\/\/www.decuss.cz\/urceni-barevneho-typu\/","about":["M\u00f3da"],"wordCount":435,"articleBody":"\tPro v\u00fdb\u011br barev oble\u010den\u00ed a dopl\u0148k\u016f, kter\u00e9 ovliv\u0148uj\u00ed jak vypad\u00e1te a jak v\u00e1m oble\u010den\u00ed slu\u0161\u00ed, je d\u016fle\u017eit\u00e9 ur\u010den\u00ed va\u0161eho barevn\u00e9ho typu. Za\u0159azen\u00ed do ur\u010dit\u00e9ho barevn\u00e9ho typu se prov\u00e1d\u00ed nejl\u00e9pe za denn\u00edho sv\u011btla, pomoc\u00ed speci\u00e1ln\u00edch testovac\u00edch karet. Ur\u010duj\u00edc\u00ed je barva va\u0161ich vlas\u016f a o\u010d\u00ed \u010di odst\u00edn pleti. Jde o nalezen\u00ed harmonie mezi va\u0161\u00ed vrozenou barevnost\u00ed a n\u00e1sledn\u011b pou\u017e\u00edvan\u00fdmi barvami oble\u010den\u00ed a dopl\u0148k\u016f. Individu\u00e1ln\u00ed v\u00fdb\u011br barev je harmonii s va\u0161\u00ed p\u0159irozenou barevnost\u00ed, kter\u00e1 je nem\u011bnn\u00e1 po cel\u00fd \u017eivot. Barevn\u00e1 typologie lidi rozd\u011bluje do \u010dty\u0159 z\u00e1kladn\u00edch skupin. Jm\u00e9na dostaly podle ro\u010dn\u00edch obdob\u00ed \u2013 jarn\u00ed \u2013 letn\u00ed \u2013 podzimn\u00ed a zimn\u00ed. K jejich ur\u010den\u00ed vyu\u017eijte slu\u017eeb vy\u0161kolen\u00fdch odborn\u00edk\u016f v tomto oboru. Nebudete litovat.\t\u00a0\tUsnadn\u00ed tvorbu va\u0161eho \u0161atn\u00edku\tV\u011bt\u0161inou si intuitivn\u011b spr\u00e1vn\u00e9 barvy vyb\u00edr\u00e1te, ale mnohdy se v\u00e1m zal\u00edb\u00ed ostatn\u00ed barvy na druh\u00fdch lidech a ztr\u00e1c\u00edte schopnost v\u00fdb\u011bru t\u011bch spr\u00e1vn\u00fdch odst\u00edn\u016f. S barvami souvis\u00ed i vzory, jejich velikost, hustota a mo\u017enost v\u0161e vz\u00e1jemn\u011b zkombinovat. D\u00e1 se nimi opravdu kouzlit. Barvy, kter\u00e9 nos\u00edte, ovliv\u0148uj\u00ed nejen vzhled, ale i n\u00e1ladu. N\u011bkter\u00e9 v\u00e1s p\u0159\u00edmo rozz\u00e1\u0159\u00ed a v t\u011bch \u0161patn\u011b zvolen\u00fdch vypad\u00e1te jako \u0161ed\u00e1 my\u0161.\t\tZnalost osobn\u00edch barev lze vyu\u017e\u00edt nejen p\u0159i n\u00e1kupu oble\u010den\u00ed, ale i \u0161perk\u016f \u010di br\u00fdl\u00ed. A pom\u016f\u017ee i ve v\u00fdb\u011bru l\u00ed\u010didel. Tam se snad z\u00faro\u010d\u00ed nejv\u00edce, proto\u017ee v\u00e1m uk\u00e1\u017ee cestu ke kr\u00e1se. Rovn\u011b\u017e se do budoucna vyvarujete n\u00e1kup\u016fm, kter\u00e9 budou viset bez u\u017eitku ve sk\u0159\u00edni. Proto\u017ee vy u\u017e budete p\u0159esn\u011b v\u011bd\u011bt, co v\u00e1m slu\u0161\u00ed. Nejsp\u00ed\u0161e nebudete hned vyhazovat cel\u00fd \u0161atn\u00edk a kupovat v\u0161e nov\u00e9. Zm\u011bny nejsp\u00ed\u0161e zapo\u010dnou u v\u011bc\u00ed, kter\u00e9 nos\u00edte nej\u010dast\u011bji. Tady nejv\u00edce z\u00e1le\u017e\u00ed na va\u0161em \u017eivotn\u00edm stylu. Nechte se inspirovat \u010dl\u00e1nkem Z\u00e1klad \u0161atn\u00edku trochu jinak v tomto internetov\u00e9m magaz\u00ednu. Dozv\u00edte se, jak i star\u00e9 d\u017e\u00ednov\u00e9 kalhoty m\u016f\u017eete p\u0159izp\u016fsobit mal\u00fdmi kouzly sv\u00e9mu barevn\u00e9mu typu. A s trochou fantazie to p\u016fjde i s dal\u0161\u00edmi obl\u00edben\u00fdmi kousky, se kter\u00fdmi se nebudete cht\u00edt rozlou\u010dit.                                                                                                                                                                                                                                                                                                                                                                                         4.7\/5 - (9 votes)        "},{"@context":"https:\/\/schema.org\/","@type":"BreadcrumbList","itemListElement":[{"@type":"ListItem","position":1,"name":"Ur\u010den\u00ed barevn\u00e9ho typu","item":"https:\/\/www.decuss.cz\/urceni-barevneho-typu\/#breadcrumbitem"}]}]